{"id":1484,"date":"2020-02-09T18:07:22","date_gmt":"2020-02-09T18:07:22","guid":{"rendered":"https:\/\/www.scubanautic.com\/?p=1484"},"modified":"2020-02-09T18:11:01","modified_gmt":"2020-02-09T18:11:01","slug":"diving-into-spring","status":"publish","type":"post","link":"https:\/\/www.scubanautic.com\/de\/diving-into-spring\/","title":{"rendered":"Tauchen in den Fr\u00fchling"},"content":{"rendered":"<p>Mallorca ist ein \u201eGanz Jahres Tauchziel\u201c. Zwar haben nicht alle Tauchbasen das ganze Jahr \u00fcber ge\u00f6ffnet, wer aber vor Beginn der Tauchsaison Mitte M\u00e4rz abtauchen will muss auf keinen Fall trockenen Fu\u00dfes wieder nach Hause fahren. Grade im Winter und im Fr\u00fchjahr k\u00f6nnt Ihr tolle Tauchg\u00e4nge im S\u00fcdwesten der Insel machen und ungest\u00f6rt Barrakudas und Co. bewundern. Zum Beispiel haben unsere Premium Partner Dive Center Balear Divers in Port D\u2019Andratx und ZOEA in Santa Ponsa das ganze Jahr durchgehend ge\u00f6ffnet. Balear Divers taucht nach R\u00fccksprache mit Basisleiter Michael t\u00e4glich rund um Port D\u2019Andratx und ZOEA bis zum 31. M\u00e4rz an allen Wochenenden und Feiertagen sowie nach Absprache mit Basisleiter Luis. Die Kontaktdaten der beiden Tauch Center findet Ihr hier <a href=\"https:\/\/www.scubanautic.com\/de\/diving_center\/baleardivers-tauchbasis\">https:\/\/www.scubanautic.com\/de\/diving_center\/baleardivers-tauchbasis<\/a> und hier <a href=\"https:\/\/www.scubanautic.com\/de\/diving_center\/zoea-mallorca-santa-ponsa\">https:\/\/www.scubanautic.com\/de\/diving_center\/zoea-mallorca-santa-ponsa<\/a><\/p>","protected":false},"excerpt":{"rendered":"<p>Mallorca ist ein \u201eGanz Jahres Tauchziel\u201c. Zwar haben nicht alle Tauchbasen das ganze Jahr \u00fcber ge\u00f6ffnet, wer aber vor Beginn der Tauchsaison Mitte M\u00e4rz abtauchen will muss auf keinen Fall trockenen Fu\u00dfes wieder nach Hause fahren. Grade im Winter und im Fr\u00fchjahr k\u00f6nnt Ihr tolle Tauchg\u00e4nge im S\u00fcdwesten der Insel machen und ungest\u00f6rt Barrakudas und [&hellip;]<\/p>\n","protected":false},"author":1,"featured_media":1448,"comment_status":"open","ping_status":"open","sticky":false,"template":"","format":"standard","meta":[],"categories":[1],"tags":[],"acf":[],"yoast_head":"<!-- This site is optimized with the Yoast SEO plugin v20.11 - https:\/\/yoast.com\/wordpress\/plugins\/seo\/ -->\n<title>Tauchen in den Fr\u00fchling - Scubanautic<\/title>\n<meta name=\"robots\" content=\"index, follow, max-snippet:-1, max-image-preview:large, max-video-preview:-1\" \/>\n<link rel=\"canonical\" href=\"https:\/\/www.scubanautic.com\/de\/diving-into-spring\/\" \/>\n<meta property=\"og:locale\" content=\"de_DE\" \/>\n<meta property=\"og:type\" content=\"article\" \/>\n<meta property=\"og:title\" content=\"[:en]Diving into spring.[:es]Bucear hasta la primavera.[:de]Tauchen in den Fr\u00fchling[:] - Scubanautic\" \/>\n<meta property=\"og:description\" content=\"Mallorca ist ein \u201eGanz Jahres Tauchziel\u201c. Zwar haben nicht alle Tauchbasen das ganze Jahr \u00fcber ge\u00f6ffnet, wer aber vor Beginn der Tauchsaison Mitte M\u00e4rz abtauchen will muss auf keinen Fall trockenen Fu\u00dfes wieder nach Hause fahren. Grade im Winter und im Fr\u00fchjahr k\u00f6nnt Ihr tolle Tauchg\u00e4nge im S\u00fcdwesten der Insel machen und ungest\u00f6rt Barrakudas und [&hellip;]\" \/>\n<meta property=\"og:url\" content=\"https:\/\/www.scubanautic.com\/de\/diving-into-spring\/\" \/>\n<meta property=\"og:site_name\" content=\"Scubanautic\" \/>\n<meta property=\"article:published_time\" content=\"2020-02-09T18:07:22+00:00\" \/>\n<meta property=\"article:modified_time\" content=\"2020-02-09T18:11:01+00:00\" \/>\n<meta property=\"og:image\" content=\"https:\/\/www.scubanautic.com\/wp-content\/uploads\/2019\/09\/Zoea-Web-Barcos-hundidos-small.jpg\" \/>\n\t<meta property=\"og:image:width\" content=\"546\" \/>\n\t<meta property=\"og:image:height\" content=\"364\" \/>\n\t<meta property=\"og:image:type\" content=\"image\/jpeg\" \/>\n<meta name=\"author\" content=\"admin\" \/>\n<meta name=\"twitter:card\" content=\"summary_large_image\" \/>\n<meta name=\"twitter:label1\" content=\"Verfasst von\" \/>\n\t<meta name=\"twitter:data1\" content=\"admin\" \/>\n\t<meta name=\"twitter:label2\" content=\"Gesch\u00e4tzte Lesezeit\" \/>\n\t<meta name=\"twitter:data2\" content=\"2\u00a0Minuten\" \/>\n<script type=\"application\/ld+json\" class=\"yoast-schema-graph\">{\"@context\":\"https:\/\/schema.org\",\"@graph\":[{\"@type\":\"WebPage\",\"@id\":\"https:\/\/www.scubanautic.com\/de\/diving-into-spring\/\",\"url\":\"https:\/\/www.scubanautic.com\/de\/diving-into-spring\/\",\"name\":\"[:en]Diving into spring.[:es]Bucear hasta la primavera.[:de]Tauchen in den Fr\u00fchling[:] - Scubanautic\",\"isPartOf\":{\"@id\":\"https:\/\/www.scubanautic.com\/de\/#website\"},\"datePublished\":\"2020-02-09T18:07:22+00:00\",\"dateModified\":\"2020-02-09T18:11:01+00:00\",\"author\":{\"@id\":\"https:\/\/www.scubanautic.com\/de\/#\/schema\/person\/bc0b42a037ab16393d2a69b3e573b0bd\"},\"breadcrumb\":{\"@id\":\"https:\/\/www.scubanautic.com\/de\/diving-into-spring\/#breadcrumb\"},\"inLanguage\":\"de\",\"potentialAction\":[{\"@type\":\"ReadAction\",\"target\":[\"https:\/\/www.scubanautic.com\/de\/diving-into-spring\/\"]}]},{\"@type\":\"BreadcrumbList\",\"@id\":\"https:\/\/www.scubanautic.com\/de\/diving-into-spring\/#breadcrumb\",\"itemListElement\":[{\"@type\":\"ListItem\",\"position\":1,\"name\":\"Home\",\"item\":\"https:\/\/www.scubanautic.com\/\"},{\"@type\":\"ListItem\",\"position\":2,\"name\":\"Tauchen in den Fr\u00fchling\"}]},{\"@type\":\"WebSite\",\"@id\":\"https:\/\/www.scubanautic.com\/de\/#website\",\"url\":\"https:\/\/www.scubanautic.com\/de\/\",\"name\":\"Scubanautic\",\"description\":\"Welcome to Scubanautic Mallorca\",\"potentialAction\":[{\"@type\":\"SearchAction\",\"target\":{\"@type\":\"EntryPoint\",\"urlTemplate\":\"https:\/\/www.scubanautic.com\/de\/?s={search_term_string}\"},\"query-input\":\"required name=search_term_string\"}],\"inLanguage\":\"de\"},{\"@type\":\"Person\",\"@id\":\"https:\/\/www.scubanautic.com\/de\/#\/schema\/person\/bc0b42a037ab16393d2a69b3e573b0bd\",\"name\":\"admin\",\"image\":{\"@type\":\"ImageObject\",\"inLanguage\":\"de\",\"@id\":\"https:\/\/www.scubanautic.com\/de\/#\/schema\/person\/image\/\",\"url\":\"https:\/\/secure.gravatar.com\/avatar\/8d39a5a5d055a2621506a0d23c073e6c?s=96&d=mm&r=g\",\"contentUrl\":\"https:\/\/secure.gravatar.com\/avatar\/8d39a5a5d055a2621506a0d23c073e6c?s=96&d=mm&r=g\",\"caption\":\"admin\"},\"url\":\"https:\/\/www.scubanautic.com\/de\/author\/admin\/\"}]}<\/script>\n<!-- \/ Yoast SEO plugin. -->","yoast_head_json":{"title":"[:en]Diving into spring.[:es]Bucear hasta la primavera.[:de]Tauchen in den Fr\u00fchling[:] - Scubanautic","robots":{"index":"index","follow":"follow","max-snippet":"max-snippet:-1","max-image-preview":"max-image-preview:large","max-video-preview":"max-video-preview:-1"},"canonical":"https:\/\/www.scubanautic.com\/de\/diving-into-spring\/","og_locale":"de_DE","og_type":"article","og_title":"[:en]Diving into spring.[:es]Bucear hasta la primavera.[:de]Tauchen in den Fr\u00fchling[:] - Scubanautic","og_description":"Mallorca ist ein \u201eGanz Jahres Tauchziel\u201c. Zwar haben nicht alle Tauchbasen das ganze Jahr \u00fcber ge\u00f6ffnet, wer aber vor Beginn der Tauchsaison Mitte M\u00e4rz abtauchen will muss auf keinen Fall trockenen Fu\u00dfes wieder nach Hause fahren. Grade im Winter und im Fr\u00fchjahr k\u00f6nnt Ihr tolle Tauchg\u00e4nge im S\u00fcdwesten der Insel machen und ungest\u00f6rt Barrakudas und [&hellip;]","og_url":"https:\/\/www.scubanautic.com\/de\/diving-into-spring\/","og_site_name":"Scubanautic","article_published_time":"2020-02-09T18:07:22+00:00","article_modified_time":"2020-02-09T18:11:01+00:00","og_image":[{"width":546,"height":364,"url":"https:\/\/www.scubanautic.com\/wp-content\/uploads\/2019\/09\/Zoea-Web-Barcos-hundidos-small.jpg","type":"image\/jpeg"}],"author":"admin","twitter_card":"summary_large_image","twitter_misc":{"Verfasst von":"admin","Gesch\u00e4tzte Lesezeit":"2\u00a0Minuten"},"schema":{"@context":"https:\/\/schema.org","@graph":[{"@type":"WebPage","@id":"https:\/\/www.scubanautic.com\/de\/diving-into-spring\/","url":"https:\/\/www.scubanautic.com\/de\/diving-into-spring\/","name":"[:en]Diving into spring.[:es]Bucear hasta la primavera.[:de]Tauchen in den Fr\u00fchling[:] - Scubanautic","isPartOf":{"@id":"https:\/\/www.scubanautic.com\/de\/#website"},"datePublished":"2020-02-09T18:07:22+00:00","dateModified":"2020-02-09T18:11:01+00:00","author":{"@id":"https:\/\/www.scubanautic.com\/de\/#\/schema\/person\/bc0b42a037ab16393d2a69b3e573b0bd"},"breadcrumb":{"@id":"https:\/\/www.scubanautic.com\/de\/diving-into-spring\/#breadcrumb"},"inLanguage":"de","potentialAction":[{"@type":"ReadAction","target":["https:\/\/www.scubanautic.com\/de\/diving-into-spring\/"]}]},{"@type":"BreadcrumbList","@id":"https:\/\/www.scubanautic.com\/de\/diving-into-spring\/#breadcrumb","itemListElement":[{"@type":"ListItem","position":1,"name":"Home","item":"https:\/\/www.scubanautic.com\/"},{"@type":"ListItem","position":2,"name":"Tauchen in den Fr\u00fchling"}]},{"@type":"WebSite","@id":"https:\/\/www.scubanautic.com\/de\/#website","url":"https:\/\/www.scubanautic.com\/de\/","name":"Scubanautic","description":"Welcome to Scubanautic Mallorca","potentialAction":[{"@type":"SearchAction","target":{"@type":"EntryPoint","urlTemplate":"https:\/\/www.scubanautic.com\/de\/?s={search_term_string}"},"query-input":"required name=search_term_string"}],"inLanguage":"de"},{"@type":"Person","@id":"https:\/\/www.scubanautic.com\/de\/#\/schema\/person\/bc0b42a037ab16393d2a69b3e573b0bd","name":"admin","image":{"@type":"ImageObject","inLanguage":"de","@id":"https:\/\/www.scubanautic.com\/de\/#\/schema\/person\/image\/","url":"https:\/\/secure.gravatar.com\/avatar\/8d39a5a5d055a2621506a0d23c073e6c?s=96&d=mm&r=g","contentUrl":"https:\/\/secure.gravatar.com\/avatar\/8d39a5a5d055a2621506a0d23c073e6c?s=96&d=mm&r=g","caption":"admin"},"url":"https:\/\/www.scubanautic.com\/de\/author\/admin\/"}]}},"_links":{"self":[{"href":"https:\/\/www.scubanautic.com\/de\/wp-json\/wp\/v2\/posts\/1484"}],"collection":[{"href":"https:\/\/www.scubanautic.com\/de\/wp-json\/wp\/v2\/posts"}],"about":[{"href":"https:\/\/www.scubanautic.com\/de\/wp-json\/wp\/v2\/types\/post"}],"author":[{"embeddable":true,"href":"https:\/\/www.scubanautic.com\/de\/wp-json\/wp\/v2\/users\/1"}],"replies":[{"embeddable":true,"href":"https:\/\/www.scubanautic.com\/de\/wp-json\/wp\/v2\/comments?post=1484"}],"version-history":[{"count":2,"href":"https:\/\/www.scubanautic.com\/de\/wp-json\/wp\/v2\/posts\/1484\/revisions"}],"predecessor-version":[{"id":1486,"href":"https:\/\/www.scubanautic.com\/de\/wp-json\/wp\/v2\/posts\/1484\/revisions\/1486"}],"wp:featuredmedia":[{"embeddable":true,"href":"https:\/\/www.scubanautic.com\/de\/wp-json\/wp\/v2\/media\/1448"}],"wp:attachment":[{"href":"https:\/\/www.scubanautic.com\/de\/wp-json\/wp\/v2\/media?parent=1484"}],"wp:term":[{"taxonomy":"category","embeddable":true,"href":"https:\/\/www.scubanautic.com\/de\/wp-json\/wp\/v2\/categories?post=1484"},{"taxonomy":"post_tag","embeddable":true,"href":"https:\/\/www.scubanautic.com\/de\/wp-json\/wp\/v2\/tags?post=1484"}],"curies":[{"name":"wp","href":"https:\/\/api.w.org\/{rel}","templated":true}]}}