{"id":2144,"date":"2020-05-23T13:34:27","date_gmt":"2020-05-23T13:34:27","guid":{"rendered":"https:\/\/www.scubanautic.com\/?p=2144"},"modified":"2020-05-23T13:34:27","modified_gmt":"2020-05-23T13:34:27","slug":"balear-divers-ready-to-go-in-port-dandratx","status":"publish","type":"post","link":"https:\/\/www.scubanautic.com\/de\/balear-divers-ready-to-go-in-port-dandratx\/","title":{"rendered":"Balear Divers startklar in Port D\u2019Andratx"},"content":{"rendered":"<p><strong>Die Balear Divers legen in Port D\u2018Andratx los.<\/strong> Als erste Tauchbasis auf Mallorca haben die Balear Divers nach dem Lockdown wieder er\u00f6ffnet und bieten wieder t\u00e4glich Tauchg\u00e4nge an. Michael hat schon am 22 Mai unter strikter Einhaltung der neuen Sicherheitsvorkehrungen mit Maren den ersten Freiwassertauchgang am Tauchplatz S\u2019Aquilot durchgef\u00fchrt. \u00a0Wer es jetzt nicht mehr erwarten kann kann sofort Michael von den Balear Divers kontaktieren und den ersten Tauchtermin hier ausmachen: <a href=\"https:\/\/www.scubanautic.com\/de\/diving_center\/baleardivers-tauchbasis\/\">https:\/\/www.scubanautic.com\/de\/diving_center\/baleardivers-tauchbasis\/<\/a><\/p>","protected":false},"excerpt":{"rendered":"<p>Die Balear Divers legen in Port D\u2018Andratx los. Als erste Tauchbasis auf Mallorca haben die Balear Divers nach dem Lockdown wieder er\u00f6ffnet und bieten wieder t\u00e4glich Tauchg\u00e4nge an. Michael hat schon am 22 Mai unter strikter Einhaltung der neuen Sicherheitsvorkehrungen mit Maren den ersten Freiwassertauchgang am Tauchplatz S\u2019Aquilot durchgef\u00fchrt. \u00a0Wer es jetzt nicht mehr erwarten [&hellip;]<\/p>\n","protected":false},"author":1,"featured_media":0,"comment_status":"open","ping_status":"open","sticky":false,"template":"","format":"standard","meta":[],"categories":[1],"tags":[],"acf":[],"yoast_head":"<!-- This site is optimized with the Yoast SEO plugin v20.11 - https:\/\/yoast.com\/wordpress\/plugins\/seo\/ -->\n<title>Balear Divers startklar in Port D\u2019Andratx - Scubanautic<\/title>\n<meta name=\"robots\" content=\"index, follow, max-snippet:-1, max-image-preview:large, max-video-preview:-1\" \/>\n<link rel=\"canonical\" href=\"https:\/\/www.scubanautic.com\/de\/balear-divers-ready-to-go-in-port-dandratx\/\" \/>\n<meta property=\"og:locale\" content=\"de_DE\" \/>\n<meta property=\"og:type\" content=\"article\" \/>\n<meta property=\"og:title\" content=\"[:en]Balear Divers ready to go in Port D\u2019Andratx[:es]Balear Divers listo para ir a Port D\u2019Andratx[:de]Balear Divers startklar in Port D\u2019Andratx[:] - Scubanautic\" \/>\n<meta property=\"og:description\" content=\"Die Balear Divers legen in Port D\u2018Andratx los. Als erste Tauchbasis auf Mallorca haben die Balear Divers nach dem Lockdown wieder er\u00f6ffnet und bieten wieder t\u00e4glich Tauchg\u00e4nge an. Michael hat schon am 22 Mai unter strikter Einhaltung der neuen Sicherheitsvorkehrungen mit Maren den ersten Freiwassertauchgang am Tauchplatz S\u2019Aquilot durchgef\u00fchrt. \u00a0Wer es jetzt nicht mehr erwarten [&hellip;]\" \/>\n<meta property=\"og:url\" content=\"https:\/\/www.scubanautic.com\/de\/balear-divers-ready-to-go-in-port-dandratx\/\" \/>\n<meta property=\"og:site_name\" content=\"Scubanautic\" \/>\n<meta property=\"article:published_time\" content=\"2020-05-23T13:34:27+00:00\" \/>\n<meta name=\"author\" content=\"admin\" \/>\n<meta name=\"twitter:card\" content=\"summary_large_image\" \/>\n<meta name=\"twitter:label1\" content=\"Verfasst von\" \/>\n\t<meta name=\"twitter:data1\" content=\"admin\" \/>\n\t<meta name=\"twitter:label2\" content=\"Gesch\u00e4tzte Lesezeit\" \/>\n\t<meta name=\"twitter:data2\" content=\"1\u00a0Minute\" \/>\n<script type=\"application\/ld+json\" class=\"yoast-schema-graph\">{\"@context\":\"https:\/\/schema.org\",\"@graph\":[{\"@type\":\"WebPage\",\"@id\":\"https:\/\/www.scubanautic.com\/de\/balear-divers-ready-to-go-in-port-dandratx\/\",\"url\":\"https:\/\/www.scubanautic.com\/de\/balear-divers-ready-to-go-in-port-dandratx\/\",\"name\":\"[:en]Balear Divers ready to go in Port D\u2019Andratx[:es]Balear Divers listo para ir a Port D\u2019Andratx[:de]Balear Divers startklar in Port D\u2019Andratx[:] - Scubanautic\",\"isPartOf\":{\"@id\":\"https:\/\/www.scubanautic.com\/de\/#website\"},\"datePublished\":\"2020-05-23T13:34:27+00:00\",\"dateModified\":\"2020-05-23T13:34:27+00:00\",\"author\":{\"@id\":\"https:\/\/www.scubanautic.com\/de\/#\/schema\/person\/bc0b42a037ab16393d2a69b3e573b0bd\"},\"breadcrumb\":{\"@id\":\"https:\/\/www.scubanautic.com\/de\/balear-divers-ready-to-go-in-port-dandratx\/#breadcrumb\"},\"inLanguage\":\"de\",\"potentialAction\":[{\"@type\":\"ReadAction\",\"target\":[\"https:\/\/www.scubanautic.com\/de\/balear-divers-ready-to-go-in-port-dandratx\/\"]}]},{\"@type\":\"BreadcrumbList\",\"@id\":\"https:\/\/www.scubanautic.com\/de\/balear-divers-ready-to-go-in-port-dandratx\/#breadcrumb\",\"itemListElement\":[{\"@type\":\"ListItem\",\"position\":1,\"name\":\"Home\",\"item\":\"https:\/\/www.scubanautic.com\/\"},{\"@type\":\"ListItem\",\"position\":2,\"name\":\"Balear Divers startklar in Port D\u2019Andratx\"}]},{\"@type\":\"WebSite\",\"@id\":\"https:\/\/www.scubanautic.com\/de\/#website\",\"url\":\"https:\/\/www.scubanautic.com\/de\/\",\"name\":\"Scubanautic\",\"description\":\"Welcome to Scubanautic Mallorca\",\"potentialAction\":[{\"@type\":\"SearchAction\",\"target\":{\"@type\":\"EntryPoint\",\"urlTemplate\":\"https:\/\/www.scubanautic.com\/de\/?s={search_term_string}\"},\"query-input\":\"required name=search_term_string\"}],\"inLanguage\":\"de\"},{\"@type\":\"Person\",\"@id\":\"https:\/\/www.scubanautic.com\/de\/#\/schema\/person\/bc0b42a037ab16393d2a69b3e573b0bd\",\"name\":\"admin\",\"image\":{\"@type\":\"ImageObject\",\"inLanguage\":\"de\",\"@id\":\"https:\/\/www.scubanautic.com\/de\/#\/schema\/person\/image\/\",\"url\":\"https:\/\/secure.gravatar.com\/avatar\/8d39a5a5d055a2621506a0d23c073e6c?s=96&d=mm&r=g\",\"contentUrl\":\"https:\/\/secure.gravatar.com\/avatar\/8d39a5a5d055a2621506a0d23c073e6c?s=96&d=mm&r=g\",\"caption\":\"admin\"},\"url\":\"https:\/\/www.scubanautic.com\/de\/author\/admin\/\"}]}<\/script>\n<!-- \/ Yoast SEO plugin. -->","yoast_head_json":{"title":"[:en]Balear Divers ready to go in Port D\u2019Andratx[:es]Balear Divers listo para ir a Port D\u2019Andratx[:de]Balear Divers startklar in Port D\u2019Andratx[:] - Scubanautic","robots":{"index":"index","follow":"follow","max-snippet":"max-snippet:-1","max-image-preview":"max-image-preview:large","max-video-preview":"max-video-preview:-1"},"canonical":"https:\/\/www.scubanautic.com\/de\/balear-divers-ready-to-go-in-port-dandratx\/","og_locale":"de_DE","og_type":"article","og_title":"[:en]Balear Divers ready to go in Port D\u2019Andratx[:es]Balear Divers listo para ir a Port D\u2019Andratx[:de]Balear Divers startklar in Port D\u2019Andratx[:] - Scubanautic","og_description":"Die Balear Divers legen in Port D\u2018Andratx los. Als erste Tauchbasis auf Mallorca haben die Balear Divers nach dem Lockdown wieder er\u00f6ffnet und bieten wieder t\u00e4glich Tauchg\u00e4nge an. Michael hat schon am 22 Mai unter strikter Einhaltung der neuen Sicherheitsvorkehrungen mit Maren den ersten Freiwassertauchgang am Tauchplatz S\u2019Aquilot durchgef\u00fchrt. \u00a0Wer es jetzt nicht mehr erwarten [&hellip;]","og_url":"https:\/\/www.scubanautic.com\/de\/balear-divers-ready-to-go-in-port-dandratx\/","og_site_name":"Scubanautic","article_published_time":"2020-05-23T13:34:27+00:00","author":"admin","twitter_card":"summary_large_image","twitter_misc":{"Verfasst von":"admin","Gesch\u00e4tzte Lesezeit":"1\u00a0Minute"},"schema":{"@context":"https:\/\/schema.org","@graph":[{"@type":"WebPage","@id":"https:\/\/www.scubanautic.com\/de\/balear-divers-ready-to-go-in-port-dandratx\/","url":"https:\/\/www.scubanautic.com\/de\/balear-divers-ready-to-go-in-port-dandratx\/","name":"[:en]Balear Divers ready to go in Port D\u2019Andratx[:es]Balear Divers listo para ir a Port D\u2019Andratx[:de]Balear Divers startklar in Port D\u2019Andratx[:] - Scubanautic","isPartOf":{"@id":"https:\/\/www.scubanautic.com\/de\/#website"},"datePublished":"2020-05-23T13:34:27+00:00","dateModified":"2020-05-23T13:34:27+00:00","author":{"@id":"https:\/\/www.scubanautic.com\/de\/#\/schema\/person\/bc0b42a037ab16393d2a69b3e573b0bd"},"breadcrumb":{"@id":"https:\/\/www.scubanautic.com\/de\/balear-divers-ready-to-go-in-port-dandratx\/#breadcrumb"},"inLanguage":"de","potentialAction":[{"@type":"ReadAction","target":["https:\/\/www.scubanautic.com\/de\/balear-divers-ready-to-go-in-port-dandratx\/"]}]},{"@type":"BreadcrumbList","@id":"https:\/\/www.scubanautic.com\/de\/balear-divers-ready-to-go-in-port-dandratx\/#breadcrumb","itemListElement":[{"@type":"ListItem","position":1,"name":"Home","item":"https:\/\/www.scubanautic.com\/"},{"@type":"ListItem","position":2,"name":"Balear Divers startklar in Port D\u2019Andratx"}]},{"@type":"WebSite","@id":"https:\/\/www.scubanautic.com\/de\/#website","url":"https:\/\/www.scubanautic.com\/de\/","name":"Scubanautic","description":"Welcome to Scubanautic Mallorca","potentialAction":[{"@type":"SearchAction","target":{"@type":"EntryPoint","urlTemplate":"https:\/\/www.scubanautic.com\/de\/?s={search_term_string}"},"query-input":"required name=search_term_string"}],"inLanguage":"de"},{"@type":"Person","@id":"https:\/\/www.scubanautic.com\/de\/#\/schema\/person\/bc0b42a037ab16393d2a69b3e573b0bd","name":"admin","image":{"@type":"ImageObject","inLanguage":"de","@id":"https:\/\/www.scubanautic.com\/de\/#\/schema\/person\/image\/","url":"https:\/\/secure.gravatar.com\/avatar\/8d39a5a5d055a2621506a0d23c073e6c?s=96&d=mm&r=g","contentUrl":"https:\/\/secure.gravatar.com\/avatar\/8d39a5a5d055a2621506a0d23c073e6c?s=96&d=mm&r=g","caption":"admin"},"url":"https:\/\/www.scubanautic.com\/de\/author\/admin\/"}]}},"_links":{"self":[{"href":"https:\/\/www.scubanautic.com\/de\/wp-json\/wp\/v2\/posts\/2144"}],"collection":[{"href":"https:\/\/www.scubanautic.com\/de\/wp-json\/wp\/v2\/posts"}],"about":[{"href":"https:\/\/www.scubanautic.com\/de\/wp-json\/wp\/v2\/types\/post"}],"author":[{"embeddable":true,"href":"https:\/\/www.scubanautic.com\/de\/wp-json\/wp\/v2\/users\/1"}],"replies":[{"embeddable":true,"href":"https:\/\/www.scubanautic.com\/de\/wp-json\/wp\/v2\/comments?post=2144"}],"version-history":[{"count":1,"href":"https:\/\/www.scubanautic.com\/de\/wp-json\/wp\/v2\/posts\/2144\/revisions"}],"predecessor-version":[{"id":2145,"href":"https:\/\/www.scubanautic.com\/de\/wp-json\/wp\/v2\/posts\/2144\/revisions\/2145"}],"wp:attachment":[{"href":"https:\/\/www.scubanautic.com\/de\/wp-json\/wp\/v2\/media?parent=2144"}],"wp:term":[{"taxonomy":"category","embeddable":true,"href":"https:\/\/www.scubanautic.com\/de\/wp-json\/wp\/v2\/categories?post=2144"},{"taxonomy":"post_tag","embeddable":true,"href":"https:\/\/www.scubanautic.com\/de\/wp-json\/wp\/v2\/tags?post=2144"}],"curies":[{"name":"wp","href":"https:\/\/api.w.org\/{rel}","templated":true}]}}