{"id":2757,"date":"2020-10-31T17:34:51","date_gmt":"2020-10-31T17:34:51","guid":{"rendered":"https:\/\/www.scubanautic.com\/?p=2757"},"modified":"2020-10-31T17:56:06","modified_gmt":"2020-10-31T17:56:06","slug":"magical-east-coast","status":"publish","type":"post","link":"https:\/\/www.scubanautic.com\/de\/magical-east-coast\/","title":{"rendered":"Go East!"},"content":{"rendered":"<p><strong>Erkennt jemand den Taucher?<\/strong> Richtig es ist Miguel, der in normalen Jahren im S\u00fcdwesten Mallorcas als Kapit\u00e4n der SCUBANAUTIC.com Premium Partner Basis Scuba Activa Taucher zum Naturpark Dragonera bringt.<\/p>\n<p>In dieser Woche aber k\u00e4mpft er pers\u00f6nlich mit vollem K\u00f6rpereinsatz gegen das Ende dieser schwierigen Saison an und taucht dieses Mal sogar selbst. Allerdings hat es Ihn privat auf die entgegengesetzte Seite der Insel verschlagen: N\u00e4mlich an die Ostk\u00fcste. Direkt an die Cala Ratjada von wo aus er einen Tauchgang im Naturpark an der Ostk\u00fcste, der <a href=\"https:\/\/www.scubanautic.com\/de\/2020\/04\/12\/series-part-3-reserva-marina-de-levant\/\">Marina del Llevant<\/a> gestartet hat. Ein fantastisches Tauchgebiet wie man sieht und Miguel lie\u00df es sich nicht nehmen die H\u00f6hlen und Grotten vor Ort mit seinem Scooter zu inspizieren. Ganz auf den Motor, der sonst sein Boot antreibt wollte er wohl doch nicht verzichten.<\/p>\n<p><img decoding=\"async\" loading=\"lazy\" class=\"alignnone size-medium wp-image-2759\" src=\"https:\/\/www.scubanautic.com\/wp-content\/uploads\/2020\/10\/Miguel-Ostk\u00fcste-2-min-300x174.jpg\" alt=\"\" width=\"300\" height=\"174\" srcset=\"https:\/\/www.scubanautic.com\/wp-content\/uploads\/2020\/10\/Miguel-Ostk\u00fcste-2-min-300x174.jpg 300w, https:\/\/www.scubanautic.com\/wp-content\/uploads\/2020\/10\/Miguel-Ostk\u00fcste-2-min.jpg 760w\" sizes=\"(max-width: 300px) 100vw, 300px\" \/><\/p>\n<p>Wer dieses Tauchgebiet selbst erkunden will kann das zum Beispiel mit unserer Premium Partnerbasis Dive &amp; Fun tun.<\/p>\n<p>Kontakt und mehr Informationen findet Ihr hier: <a href=\"https:\/\/www.scubanautic.com\/de\/diving_center\/dive-fun-font-de-san-cala\/\">https:\/\/www.scubanautic.com\/de\/diving_center\/dive-fun-font-de-san-cala\/<\/a><\/p>\n<p>Egal auf welcher Seite der Insel \u2013 Tauchen auf Mallorca ist ein unvergessliches Unterwasser-Erlebnis das wir alle im n\u00e4chsten Jahr hoffentlich wieder gemeinsam erleben k\u00f6nnen.<\/p>\n<p><img decoding=\"async\" loading=\"lazy\" class=\"alignnone size-medium wp-image-2760\" src=\"https:\/\/www.scubanautic.com\/wp-content\/uploads\/2020\/10\/Miguel-Ostk\u00fcste-3-min-240x300.jpg\" alt=\"\" width=\"240\" height=\"300\" srcset=\"https:\/\/www.scubanautic.com\/wp-content\/uploads\/2020\/10\/Miguel-Ostk\u00fcste-3-min-240x300.jpg 240w, https:\/\/www.scubanautic.com\/wp-content\/uploads\/2020\/10\/Miguel-Ostk\u00fcste-3-min.jpg 440w\" sizes=\"(max-width: 240px) 100vw, 240px\" \/><\/p>","protected":false},"excerpt":{"rendered":"<p>Erkennt jemand den Taucher? Richtig es ist Miguel, der in normalen Jahren im S\u00fcdwesten Mallorcas als Kapit\u00e4n der SCUBANAUTIC.com Premium Partner Basis Scuba Activa Taucher zum Naturpark Dragonera bringt. In dieser Woche aber k\u00e4mpft er pers\u00f6nlich mit vollem K\u00f6rpereinsatz gegen das Ende dieser schwierigen Saison an und taucht dieses Mal sogar selbst. Allerdings hat es [&hellip;]<\/p>\n","protected":false},"author":1,"featured_media":2758,"comment_status":"open","ping_status":"open","sticky":false,"template":"","format":"standard","meta":[],"categories":[1],"tags":[],"acf":[],"yoast_head":"<!-- This site is optimized with the Yoast SEO plugin v20.11 - https:\/\/yoast.com\/wordpress\/plugins\/seo\/ -->\n<title>Go East! - Scubanautic<\/title>\n<meta name=\"robots\" content=\"index, follow, max-snippet:-1, max-image-preview:large, max-video-preview:-1\" \/>\n<link rel=\"canonical\" href=\"https:\/\/www.scubanautic.com\/magical-east-coast\/\" \/>\n<meta property=\"og:locale\" content=\"de_DE\" \/>\n<meta property=\"og:type\" content=\"article\" \/>\n<meta property=\"og:title\" content=\"[:en]Go East![:es]\u00a1Go East![:de]Go East![:] - Scubanautic\" \/>\n<meta property=\"og:description\" content=\"Erkennt jemand den Taucher? Richtig es ist Miguel, der in normalen Jahren im S\u00fcdwesten Mallorcas als Kapit\u00e4n der SCUBANAUTIC.com Premium Partner Basis Scuba Activa Taucher zum Naturpark Dragonera bringt. In dieser Woche aber k\u00e4mpft er pers\u00f6nlich mit vollem K\u00f6rpereinsatz gegen das Ende dieser schwierigen Saison an und taucht dieses Mal sogar selbst. Allerdings hat es [&hellip;]\" \/>\n<meta property=\"og:url\" content=\"https:\/\/www.scubanautic.com\/magical-east-coast\/\" \/>\n<meta property=\"og:site_name\" content=\"Scubanautic\" \/>\n<meta property=\"article:published_time\" content=\"2020-10-31T17:34:51+00:00\" \/>\n<meta property=\"article:modified_time\" content=\"2020-10-31T17:56:06+00:00\" \/>\n<meta property=\"og:image\" content=\"https:\/\/www.scubanautic.com\/wp-content\/uploads\/2020\/10\/Miguel-Ostk\u00fcste-1-min.jpg\" \/>\n\t<meta property=\"og:image:width\" content=\"760\" \/>\n\t<meta property=\"og:image:height\" content=\"440\" \/>\n\t<meta property=\"og:image:type\" content=\"image\/jpeg\" \/>\n<meta name=\"author\" content=\"admin\" \/>\n<meta name=\"twitter:card\" content=\"summary_large_image\" \/>\n<meta name=\"twitter:label1\" content=\"Verfasst von\" \/>\n\t<meta name=\"twitter:data1\" content=\"admin\" \/>\n\t<meta name=\"twitter:label2\" content=\"Gesch\u00e4tzte Lesezeit\" \/>\n\t<meta name=\"twitter:data2\" content=\"3\u00a0Minuten\" \/>\n<script type=\"application\/ld+json\" class=\"yoast-schema-graph\">{\"@context\":\"https:\/\/schema.org\",\"@graph\":[{\"@type\":\"WebPage\",\"@id\":\"https:\/\/www.scubanautic.com\/magical-east-coast\/\",\"url\":\"https:\/\/www.scubanautic.com\/magical-east-coast\/\",\"name\":\"[:en]Go East![:es]\u00a1Go East![:de]Go East![:] - Scubanautic\",\"isPartOf\":{\"@id\":\"https:\/\/www.scubanautic.com\/de\/#website\"},\"datePublished\":\"2020-10-31T17:34:51+00:00\",\"dateModified\":\"2020-10-31T17:56:06+00:00\",\"author\":{\"@id\":\"https:\/\/www.scubanautic.com\/de\/#\/schema\/person\/bc0b42a037ab16393d2a69b3e573b0bd\"},\"breadcrumb\":{\"@id\":\"https:\/\/www.scubanautic.com\/magical-east-coast\/#breadcrumb\"},\"inLanguage\":\"de\",\"potentialAction\":[{\"@type\":\"ReadAction\",\"target\":[\"https:\/\/www.scubanautic.com\/magical-east-coast\/\"]}]},{\"@type\":\"BreadcrumbList\",\"@id\":\"https:\/\/www.scubanautic.com\/magical-east-coast\/#breadcrumb\",\"itemListElement\":[{\"@type\":\"ListItem\",\"position\":1,\"name\":\"Home\",\"item\":\"https:\/\/www.scubanautic.com\/\"},{\"@type\":\"ListItem\",\"position\":2,\"name\":\"Go East!\"}]},{\"@type\":\"WebSite\",\"@id\":\"https:\/\/www.scubanautic.com\/de\/#website\",\"url\":\"https:\/\/www.scubanautic.com\/de\/\",\"name\":\"Scubanautic\",\"description\":\"Welcome to Scubanautic Mallorca\",\"potentialAction\":[{\"@type\":\"SearchAction\",\"target\":{\"@type\":\"EntryPoint\",\"urlTemplate\":\"https:\/\/www.scubanautic.com\/de\/?s={search_term_string}\"},\"query-input\":\"required name=search_term_string\"}],\"inLanguage\":\"de\"},{\"@type\":\"Person\",\"@id\":\"https:\/\/www.scubanautic.com\/de\/#\/schema\/person\/bc0b42a037ab16393d2a69b3e573b0bd\",\"name\":\"admin\",\"image\":{\"@type\":\"ImageObject\",\"inLanguage\":\"de\",\"@id\":\"https:\/\/www.scubanautic.com\/de\/#\/schema\/person\/image\/\",\"url\":\"https:\/\/secure.gravatar.com\/avatar\/8d39a5a5d055a2621506a0d23c073e6c?s=96&d=mm&r=g\",\"contentUrl\":\"https:\/\/secure.gravatar.com\/avatar\/8d39a5a5d055a2621506a0d23c073e6c?s=96&d=mm&r=g\",\"caption\":\"admin\"},\"url\":\"https:\/\/www.scubanautic.com\/de\/author\/admin\/\"}]}<\/script>\n<!-- \/ Yoast SEO plugin. -->","yoast_head_json":{"title":"[:en]Go East![:es]\u00a1Go East![:de]Go East![:] - Scubanautic","robots":{"index":"index","follow":"follow","max-snippet":"max-snippet:-1","max-image-preview":"max-image-preview:large","max-video-preview":"max-video-preview:-1"},"canonical":"https:\/\/www.scubanautic.com\/magical-east-coast\/","og_locale":"de_DE","og_type":"article","og_title":"[:en]Go East![:es]\u00a1Go East![:de]Go East![:] - Scubanautic","og_description":"Erkennt jemand den Taucher? Richtig es ist Miguel, der in normalen Jahren im S\u00fcdwesten Mallorcas als Kapit\u00e4n der SCUBANAUTIC.com Premium Partner Basis Scuba Activa Taucher zum Naturpark Dragonera bringt. In dieser Woche aber k\u00e4mpft er pers\u00f6nlich mit vollem K\u00f6rpereinsatz gegen das Ende dieser schwierigen Saison an und taucht dieses Mal sogar selbst. Allerdings hat es [&hellip;]","og_url":"https:\/\/www.scubanautic.com\/magical-east-coast\/","og_site_name":"Scubanautic","article_published_time":"2020-10-31T17:34:51+00:00","article_modified_time":"2020-10-31T17:56:06+00:00","og_image":[{"width":760,"height":440,"url":"https:\/\/www.scubanautic.com\/wp-content\/uploads\/2020\/10\/Miguel-Ostk\u00fcste-1-min.jpg","type":"image\/jpeg"}],"author":"admin","twitter_card":"summary_large_image","twitter_misc":{"Verfasst von":"admin","Gesch\u00e4tzte Lesezeit":"3\u00a0Minuten"},"schema":{"@context":"https:\/\/schema.org","@graph":[{"@type":"WebPage","@id":"https:\/\/www.scubanautic.com\/magical-east-coast\/","url":"https:\/\/www.scubanautic.com\/magical-east-coast\/","name":"[:en]Go East![:es]\u00a1Go East![:de]Go East![:] - Scubanautic","isPartOf":{"@id":"https:\/\/www.scubanautic.com\/de\/#website"},"datePublished":"2020-10-31T17:34:51+00:00","dateModified":"2020-10-31T17:56:06+00:00","author":{"@id":"https:\/\/www.scubanautic.com\/de\/#\/schema\/person\/bc0b42a037ab16393d2a69b3e573b0bd"},"breadcrumb":{"@id":"https:\/\/www.scubanautic.com\/magical-east-coast\/#breadcrumb"},"inLanguage":"de","potentialAction":[{"@type":"ReadAction","target":["https:\/\/www.scubanautic.com\/magical-east-coast\/"]}]},{"@type":"BreadcrumbList","@id":"https:\/\/www.scubanautic.com\/magical-east-coast\/#breadcrumb","itemListElement":[{"@type":"ListItem","position":1,"name":"Home","item":"https:\/\/www.scubanautic.com\/"},{"@type":"ListItem","position":2,"name":"Go East!"}]},{"@type":"WebSite","@id":"https:\/\/www.scubanautic.com\/de\/#website","url":"https:\/\/www.scubanautic.com\/de\/","name":"Scubanautic","description":"Welcome to Scubanautic Mallorca","potentialAction":[{"@type":"SearchAction","target":{"@type":"EntryPoint","urlTemplate":"https:\/\/www.scubanautic.com\/de\/?s={search_term_string}"},"query-input":"required name=search_term_string"}],"inLanguage":"de"},{"@type":"Person","@id":"https:\/\/www.scubanautic.com\/de\/#\/schema\/person\/bc0b42a037ab16393d2a69b3e573b0bd","name":"admin","image":{"@type":"ImageObject","inLanguage":"de","@id":"https:\/\/www.scubanautic.com\/de\/#\/schema\/person\/image\/","url":"https:\/\/secure.gravatar.com\/avatar\/8d39a5a5d055a2621506a0d23c073e6c?s=96&d=mm&r=g","contentUrl":"https:\/\/secure.gravatar.com\/avatar\/8d39a5a5d055a2621506a0d23c073e6c?s=96&d=mm&r=g","caption":"admin"},"url":"https:\/\/www.scubanautic.com\/de\/author\/admin\/"}]}},"_links":{"self":[{"href":"https:\/\/www.scubanautic.com\/de\/wp-json\/wp\/v2\/posts\/2757"}],"collection":[{"href":"https:\/\/www.scubanautic.com\/de\/wp-json\/wp\/v2\/posts"}],"about":[{"href":"https:\/\/www.scubanautic.com\/de\/wp-json\/wp\/v2\/types\/post"}],"author":[{"embeddable":true,"href":"https:\/\/www.scubanautic.com\/de\/wp-json\/wp\/v2\/users\/1"}],"replies":[{"embeddable":true,"href":"https:\/\/www.scubanautic.com\/de\/wp-json\/wp\/v2\/comments?post=2757"}],"version-history":[{"count":4,"href":"https:\/\/www.scubanautic.com\/de\/wp-json\/wp\/v2\/posts\/2757\/revisions"}],"predecessor-version":[{"id":2764,"href":"https:\/\/www.scubanautic.com\/de\/wp-json\/wp\/v2\/posts\/2757\/revisions\/2764"}],"wp:featuredmedia":[{"embeddable":true,"href":"https:\/\/www.scubanautic.com\/de\/wp-json\/wp\/v2\/media\/2758"}],"wp:attachment":[{"href":"https:\/\/www.scubanautic.com\/de\/wp-json\/wp\/v2\/media?parent=2757"}],"wp:term":[{"taxonomy":"category","embeddable":true,"href":"https:\/\/www.scubanautic.com\/de\/wp-json\/wp\/v2\/categories?post=2757"},{"taxonomy":"post_tag","embeddable":true,"href":"https:\/\/www.scubanautic.com\/de\/wp-json\/wp\/v2\/tags?post=2757"}],"curies":[{"name":"wp","href":"https:\/\/api.w.org\/{rel}","templated":true}]}}