{"id":1672,"date":"2020-02-19T19:10:15","date_gmt":"2020-02-19T19:10:15","guid":{"rendered":"https:\/\/www.scubanautic.com\/?p=1672"},"modified":"2020-02-19T19:10:15","modified_gmt":"2020-02-19T19:10:15","slug":"balear-divers-are-ready-to-go","status":"publish","type":"post","link":"https:\/\/www.scubanautic.com\/es\/balear-divers-are-ready-to-go\/","title":{"rendered":"\u00a1Balear Divers est\u00e1n listo para comenzar!"},"content":{"rendered":"<p>Michael de Balear Divers en Port D&#8217;Andratx comenz\u00f3 la primavera en febrero y ya lanz\u00f3 su brillante zodiaco rojo. Este video de la primera inmersi\u00f3n en barco, justo a tiempo para la flor de almendro en Mallorca demuestra: \u00abEn Mallorca siempre vale la pena bucear, \u00a1incluso en febrero!\u00bb \u00a1Cualquiera que quiera puede experimentar la primavera bajo el agua con nuestro socio premium centro Balear Divers de Port D&#8217;Andratx!<br \/>\nEl equipo de SCUBANAUTIC.com estar\u00e1 all\u00ed una mas el pr\u00f3ximo viernes. Reg\u00edstrese ahora con Michael. Habr\u00e1 dos inmersiones. Comienza a las 9.30 por la ma\u00f1ana y luego nuevamente a la 1.00 por la tarde.\u00a0 Contacto: <a href=\"https:\/\/www.scubanautic.com\/es\/diving_center\/baleardivers-tauchbasis\/\">https:\/\/www.scubanautic.com\/es\/diving_center\/baleardivers-tauchbasis\/<\/a><\/p>","protected":false},"excerpt":{"rendered":"<p>Michael de Balear Divers en Port D&#8217;Andratx comenz\u00f3 la primavera en febrero y ya lanz\u00f3 su brillante zodiaco rojo. Este video de la primera inmersi\u00f3n en barco, justo a tiempo para la flor de almendro en Mallorca demuestra: \u00abEn Mallorca siempre vale la pena bucear, \u00a1incluso en febrero!\u00bb \u00a1Cualquiera que quiera puede experimentar la primavera [&hellip;]<\/p>\n","protected":false},"author":1,"featured_media":0,"comment_status":"open","ping_status":"open","sticky":false,"template":"","format":"standard","meta":[],"categories":[1],"tags":[],"acf":[],"yoast_head":"<!-- This site is optimized with the Yoast SEO plugin v20.11 - https:\/\/yoast.com\/wordpress\/plugins\/seo\/ -->\n<title>\u00a1Balear Divers est\u00e1n listo para comenzar! - Scubanautic<\/title>\n<meta name=\"robots\" content=\"index, follow, max-snippet:-1, max-image-preview:large, max-video-preview:-1\" \/>\n<link rel=\"canonical\" href=\"https:\/\/www.scubanautic.com\/de\/balear-divers-are-ready-to-go\/\" \/>\n<meta property=\"og:locale\" content=\"es_ES\" \/>\n<meta property=\"og:type\" content=\"article\" \/>\n<meta property=\"og:title\" content=\"[:en]Balear Divers are ready to go![:es]\u00a1Balear Divers est\u00e1n listo para comenzar![:de]Die Balear Divers sind startklar![:] - Scubanautic\" \/>\n<meta property=\"og:description\" content=\"Michael de Balear Divers en Port D&#8217;Andratx comenz\u00f3 la primavera en febrero y ya lanz\u00f3 su brillante zodiaco rojo. Este video de la primera inmersi\u00f3n en barco, justo a tiempo para la flor de almendro en Mallorca demuestra: \u00abEn Mallorca siempre vale la pena bucear, \u00a1incluso en febrero!\u00bb \u00a1Cualquiera que quiera puede experimentar la primavera [&hellip;]\" \/>\n<meta property=\"og:url\" content=\"https:\/\/www.scubanautic.com\/de\/balear-divers-are-ready-to-go\/\" \/>\n<meta property=\"og:site_name\" content=\"Scubanautic\" \/>\n<meta property=\"article:published_time\" content=\"2020-02-19T19:10:15+00:00\" \/>\n<meta name=\"author\" content=\"admin\" \/>\n<meta name=\"twitter:card\" content=\"summary_large_image\" \/>\n<meta name=\"twitter:label1\" content=\"Escrito por\" \/>\n\t<meta name=\"twitter:data1\" content=\"admin\" \/>\n\t<meta name=\"twitter:label2\" content=\"Tiempo de lectura\" \/>\n\t<meta name=\"twitter:data2\" content=\"2 minutos\" \/>\n<script type=\"application\/ld+json\" class=\"yoast-schema-graph\">{\"@context\":\"https:\/\/schema.org\",\"@graph\":[{\"@type\":\"WebPage\",\"@id\":\"https:\/\/www.scubanautic.com\/de\/balear-divers-are-ready-to-go\/\",\"url\":\"https:\/\/www.scubanautic.com\/de\/balear-divers-are-ready-to-go\/\",\"name\":\"[:en]Balear Divers are ready to go![:es]\u00a1Balear Divers est\u00e1n listo para comenzar![:de]Die Balear Divers sind startklar![:] - Scubanautic\",\"isPartOf\":{\"@id\":\"https:\/\/www.scubanautic.com\/de\/#website\"},\"datePublished\":\"2020-02-19T19:10:15+00:00\",\"dateModified\":\"2020-02-19T19:10:15+00:00\",\"author\":{\"@id\":\"https:\/\/www.scubanautic.com\/de\/#\/schema\/person\/bc0b42a037ab16393d2a69b3e573b0bd\"},\"breadcrumb\":{\"@id\":\"https:\/\/www.scubanautic.com\/de\/balear-divers-are-ready-to-go\/#breadcrumb\"},\"inLanguage\":\"es\",\"potentialAction\":[{\"@type\":\"ReadAction\",\"target\":[\"https:\/\/www.scubanautic.com\/de\/balear-divers-are-ready-to-go\/\"]}]},{\"@type\":\"BreadcrumbList\",\"@id\":\"https:\/\/www.scubanautic.com\/de\/balear-divers-are-ready-to-go\/#breadcrumb\",\"itemListElement\":[{\"@type\":\"ListItem\",\"position\":1,\"name\":\"Home\",\"item\":\"https:\/\/www.scubanautic.com\/\"},{\"@type\":\"ListItem\",\"position\":2,\"name\":\"Die Balear Divers sind startklar!\"}]},{\"@type\":\"WebSite\",\"@id\":\"https:\/\/www.scubanautic.com\/de\/#website\",\"url\":\"https:\/\/www.scubanautic.com\/de\/\",\"name\":\"Scubanautic\",\"description\":\"Welcome to Scubanautic Mallorca\",\"potentialAction\":[{\"@type\":\"SearchAction\",\"target\":{\"@type\":\"EntryPoint\",\"urlTemplate\":\"https:\/\/www.scubanautic.com\/de\/?s={search_term_string}\"},\"query-input\":\"required name=search_term_string\"}],\"inLanguage\":\"es\"},{\"@type\":\"Person\",\"@id\":\"https:\/\/www.scubanautic.com\/de\/#\/schema\/person\/bc0b42a037ab16393d2a69b3e573b0bd\",\"name\":\"admin\",\"image\":{\"@type\":\"ImageObject\",\"inLanguage\":\"es\",\"@id\":\"https:\/\/www.scubanautic.com\/de\/#\/schema\/person\/image\/\",\"url\":\"https:\/\/secure.gravatar.com\/avatar\/8d39a5a5d055a2621506a0d23c073e6c?s=96&d=mm&r=g\",\"contentUrl\":\"https:\/\/secure.gravatar.com\/avatar\/8d39a5a5d055a2621506a0d23c073e6c?s=96&d=mm&r=g\",\"caption\":\"admin\"},\"url\":\"https:\/\/www.scubanautic.com\/es\/author\/admin\/\"}]}<\/script>\n<!-- \/ Yoast SEO plugin. -->","yoast_head_json":{"title":"[:en]Balear Divers are ready to go![:es]\u00a1Balear Divers est\u00e1n listo para comenzar![:de]Die Balear Divers sind startklar![:] - Scubanautic","robots":{"index":"index","follow":"follow","max-snippet":"max-snippet:-1","max-image-preview":"max-image-preview:large","max-video-preview":"max-video-preview:-1"},"canonical":"https:\/\/www.scubanautic.com\/de\/balear-divers-are-ready-to-go\/","og_locale":"es_ES","og_type":"article","og_title":"[:en]Balear Divers are ready to go![:es]\u00a1Balear Divers est\u00e1n listo para comenzar![:de]Die Balear Divers sind startklar![:] - Scubanautic","og_description":"Michael de Balear Divers en Port D&#8217;Andratx comenz\u00f3 la primavera en febrero y ya lanz\u00f3 su brillante zodiaco rojo. Este video de la primera inmersi\u00f3n en barco, justo a tiempo para la flor de almendro en Mallorca demuestra: \u00abEn Mallorca siempre vale la pena bucear, \u00a1incluso en febrero!\u00bb \u00a1Cualquiera que quiera puede experimentar la primavera [&hellip;]","og_url":"https:\/\/www.scubanautic.com\/de\/balear-divers-are-ready-to-go\/","og_site_name":"Scubanautic","article_published_time":"2020-02-19T19:10:15+00:00","author":"admin","twitter_card":"summary_large_image","twitter_misc":{"Escrito por":"admin","Tiempo de lectura":"2 minutos"},"schema":{"@context":"https:\/\/schema.org","@graph":[{"@type":"WebPage","@id":"https:\/\/www.scubanautic.com\/de\/balear-divers-are-ready-to-go\/","url":"https:\/\/www.scubanautic.com\/de\/balear-divers-are-ready-to-go\/","name":"[:en]Balear Divers are ready to go![:es]\u00a1Balear Divers est\u00e1n listo para comenzar![:de]Die Balear Divers sind startklar![:] - Scubanautic","isPartOf":{"@id":"https:\/\/www.scubanautic.com\/de\/#website"},"datePublished":"2020-02-19T19:10:15+00:00","dateModified":"2020-02-19T19:10:15+00:00","author":{"@id":"https:\/\/www.scubanautic.com\/de\/#\/schema\/person\/bc0b42a037ab16393d2a69b3e573b0bd"},"breadcrumb":{"@id":"https:\/\/www.scubanautic.com\/de\/balear-divers-are-ready-to-go\/#breadcrumb"},"inLanguage":"es","potentialAction":[{"@type":"ReadAction","target":["https:\/\/www.scubanautic.com\/de\/balear-divers-are-ready-to-go\/"]}]},{"@type":"BreadcrumbList","@id":"https:\/\/www.scubanautic.com\/de\/balear-divers-are-ready-to-go\/#breadcrumb","itemListElement":[{"@type":"ListItem","position":1,"name":"Home","item":"https:\/\/www.scubanautic.com\/"},{"@type":"ListItem","position":2,"name":"Die Balear Divers sind startklar!"}]},{"@type":"WebSite","@id":"https:\/\/www.scubanautic.com\/de\/#website","url":"https:\/\/www.scubanautic.com\/de\/","name":"Scubanautic","description":"Welcome to Scubanautic Mallorca","potentialAction":[{"@type":"SearchAction","target":{"@type":"EntryPoint","urlTemplate":"https:\/\/www.scubanautic.com\/de\/?s={search_term_string}"},"query-input":"required name=search_term_string"}],"inLanguage":"es"},{"@type":"Person","@id":"https:\/\/www.scubanautic.com\/de\/#\/schema\/person\/bc0b42a037ab16393d2a69b3e573b0bd","name":"admin","image":{"@type":"ImageObject","inLanguage":"es","@id":"https:\/\/www.scubanautic.com\/de\/#\/schema\/person\/image\/","url":"https:\/\/secure.gravatar.com\/avatar\/8d39a5a5d055a2621506a0d23c073e6c?s=96&d=mm&r=g","contentUrl":"https:\/\/secure.gravatar.com\/avatar\/8d39a5a5d055a2621506a0d23c073e6c?s=96&d=mm&r=g","caption":"admin"},"url":"https:\/\/www.scubanautic.com\/es\/author\/admin\/"}]}},"_links":{"self":[{"href":"https:\/\/www.scubanautic.com\/es\/wp-json\/wp\/v2\/posts\/1672"}],"collection":[{"href":"https:\/\/www.scubanautic.com\/es\/wp-json\/wp\/v2\/posts"}],"about":[{"href":"https:\/\/www.scubanautic.com\/es\/wp-json\/wp\/v2\/types\/post"}],"author":[{"embeddable":true,"href":"https:\/\/www.scubanautic.com\/es\/wp-json\/wp\/v2\/users\/1"}],"replies":[{"embeddable":true,"href":"https:\/\/www.scubanautic.com\/es\/wp-json\/wp\/v2\/comments?post=1672"}],"version-history":[{"count":1,"href":"https:\/\/www.scubanautic.com\/es\/wp-json\/wp\/v2\/posts\/1672\/revisions"}],"predecessor-version":[{"id":1673,"href":"https:\/\/www.scubanautic.com\/es\/wp-json\/wp\/v2\/posts\/1672\/revisions\/1673"}],"wp:attachment":[{"href":"https:\/\/www.scubanautic.com\/es\/wp-json\/wp\/v2\/media?parent=1672"}],"wp:term":[{"taxonomy":"category","embeddable":true,"href":"https:\/\/www.scubanautic.com\/es\/wp-json\/wp\/v2\/categories?post=1672"},{"taxonomy":"post_tag","embeddable":true,"href":"https:\/\/www.scubanautic.com\/es\/wp-json\/wp\/v2\/tags?post=1672"}],"curies":[{"name":"wp","href":"https:\/\/api.w.org\/{rel}","templated":true}]}}